{"id":89280,"date":"2025-03-24T14:07:53","date_gmt":"2025-03-24T13:07:53","guid":{"rendered":"https:\/\/saez.law\/?p=89280"},"modified":"2025-05-26T14:42:59","modified_gmt":"2025-05-26T12:42:59","slug":"compreender-os-prazos-de-prescricao-fiscal-em-espanha","status":"publish","type":"post","link":"https:\/\/saez.law\/pt-pt\/blog-pt\/compreender-os-prazos-de-prescricao-fiscal-em-espanha\/","title":{"rendered":"Compreender os prazos de prescri\u00e7\u00e3o fiscal em Espanha"},"content":{"rendered":"\n<p>Existem muitas situa\u00e7\u00f5es em que poder\u00e1 perguntar-se \u00ab<strong>qu\u00e9 a\u00f1o fiscal prescribe<\/strong>\u00bb (que ano fiscal prescreve).<\/p>\n\n\n\n<figure class=\"wp-block-image size-large\"><img data-opt-id=61343088  fetchpriority=\"high\" decoding=\"async\" width=\"1024\" height=\"576\" src=\"https:\/\/mlgw227z1iku.i.optimole.com\/cb:LM5n.53bfa\/w:1024\/h:576\/q:mauto\/f:best\/ig:avif\/https:\/\/saez.law\/wp-content\/uploads\/2025\/03\/BLOG-Que-ano-fiscal-prescribe-en-2024.jpg\" alt=\"\" class=\"wp-image-89316\" srcset=\"https:\/\/mlgw227z1iku.i.optimole.com\/cb:LM5n.53bfa\/w:1024\/h:576\/q:mauto\/f:best\/ig:avif\/https:\/\/saez.law\/wp-content\/uploads\/2025\/03\/BLOG-Que-ano-fiscal-prescribe-en-2024.jpg 1024w, https:\/\/mlgw227z1iku.i.optimole.com\/cb:LM5n.53bfa\/w:300\/h:169\/q:mauto\/f:best\/ig:avif\/https:\/\/saez.law\/wp-content\/uploads\/2025\/03\/BLOG-Que-ano-fiscal-prescribe-en-2024.jpg 300w, https:\/\/mlgw227z1iku.i.optimole.com\/cb:LM5n.53bfa\/w:768\/h:432\/q:mauto\/f:best\/ig:avif\/https:\/\/saez.law\/wp-content\/uploads\/2025\/03\/BLOG-Que-ano-fiscal-prescribe-en-2024.jpg 768w, https:\/\/mlgw227z1iku.i.optimole.com\/cb:LM5n.53bfa\/w:1536\/h:864\/q:mauto\/f:best\/ig:avif\/https:\/\/saez.law\/wp-content\/uploads\/2025\/03\/BLOG-Que-ano-fiscal-prescribe-en-2024.jpg 1536w, https:\/\/mlgw227z1iku.i.optimole.com\/cb:LM5n.53bfa\/w:373\/h:210\/q:mauto\/f:best\/ig:avif\/https:\/\/saez.law\/wp-content\/uploads\/2025\/03\/BLOG-Que-ano-fiscal-prescribe-en-2024.jpg 373w, https:\/\/mlgw227z1iku.i.optimole.com\/cb:LM5n.53bfa\/w:245\/h:138\/q:mauto\/f:best\/ig:avif\/https:\/\/saez.law\/wp-content\/uploads\/2025\/03\/BLOG-Que-ano-fiscal-prescribe-en-2024.jpg 245w, https:\/\/mlgw227z1iku.i.optimole.com\/cb:LM5n.53bfa\/w:688\/h:387\/q:mauto\/f:best\/ig:avif\/https:\/\/saez.law\/wp-content\/uploads\/2025\/03\/BLOG-Que-ano-fiscal-prescribe-en-2024.jpg 688w, https:\/\/mlgw227z1iku.i.optimole.com\/cb:LM5n.53bfa\/w:1920\/h:1080\/q:mauto\/f:best\/ig:avif\/https:\/\/saez.law\/wp-content\/uploads\/2025\/03\/BLOG-Que-ano-fiscal-prescribe-en-2024.jpg 1920w\" sizes=\"(max-width: 768px) 100vw, 768px\" \/><\/figure>\n\n\n\n<p>Em geral, \u00ab<strong>el a\u00f1o fiscal que prescribe<\/strong>\u00bb em 2024 pode ser 2019 ou 2020, consoante o prazo de entrega da declara\u00e7\u00e3o e desde que n\u00e3o haja interrup\u00e7\u00e3o da \u00ab<strong>prescripci\u00f3n<\/strong>\u00bb, o que reiniciaria o per\u00edodo de quatro anos e faria tudo come\u00e7ar de novo.<\/p>\n\n\n\n<p>Por vezes pode ficar com a consci\u00eancia pesada, sabendo que algo n\u00e3o est\u00e1 totalmente correto. Talvez n\u00e3o tivesse alternativa e est\u00e1 \u00e0 espera, ansiosamente, que esse ano prescreva para esquecer aquilo que ainda o preocupa.<\/p>\n\n\n\n<p class=\"has-text-align-right has-xl-font-size\"><strong>\u00abUm ano prescrito \u00e9 um ano aben\u00e7oado\u00bb<\/strong>. Este poderia ser um \u00f3timo ditado para si e para os seus impostos.<\/p>\n\n\n\n<p>Seguindo esse ditado que acab\u00e1mos de inventar, pergunta-se que anos pode considerar \u201caben\u00e7oados\u201d. Bem, depende. Depende de que imposto se trata e se houve alguma interrup\u00e7\u00e3o da \u00ab<strong>prescripci\u00f3n<\/strong>\u00bb.<\/p>\n\n\n\n<p class=\"has-light-background-color has-background\">Que ano prescreve <strong>depende do imposto<\/strong>, porque o limite de quatro anos conta-se de forma diferente no IVA do que, por exemplo, no Imposto sobre Sociedades.<\/p>\n\n\n\n<p><strong>E o ano que prescreve tamb\u00e9m depende de se houve ou n\u00e3o interrup\u00e7\u00e3o da \u00ab<strong>prescripci\u00f3n<\/strong>\u00bb<\/strong>; se isso acontecer, o per\u00edodo de quatro anos reinicia-se e come\u00e7a de novo.<\/p>\n\n\n\n<p>Tudo isto est\u00e1 regulado na Ley General Tributaria (LGT).<\/p>\n\n\n\n<p>Hoje falamos de dois tipos diferentes de prescri\u00e7\u00e3o \u2014 al\u00edneas a) e b) do artigo 66 da LGT:<\/p>\n\n\n\n<ul class=\"wp-block-list\">\n<li>A <strong>prescri\u00e7\u00e3o de um ano fiscal<\/strong> \u2014 isto \u00e9, o termo do prazo para que a Autoridade Tribut\u00e1ria possa auditar ou inspecionar esse ano.<\/li>\n\n\n\n<li>O outro tipo \u00e9 a <strong>prescri\u00e7\u00e3o de uma d\u00edvida<\/strong> que j\u00e1 reconheceu \u2014 ou n\u00e3o contestou \u2014 mas ainda n\u00e3o pagou.<\/li>\n<\/ul>\n\n\n\n<p class=\"has-white-color has-base-background-color has-text-color has-background has-link-color has-2-xl-font-size wp-elements-d357120bf56042de87c6ed4d894123dd\"><strong>Ambos est\u00e3o sujeitos ao limite de quatro anos.<\/strong> Um ano pode prescrever e a Autoridade Tribut\u00e1ria j\u00e1 n\u00e3o o pode auditar ou inspecionar.<\/p>\n\n\n\n<p>E uma d\u00edvida pode prescrever \u2014 <strong>e j\u00e1 n\u00e3o a ter\u00e1 de pagar, viva!<\/strong> \ud83d\udc4f. Falamos de d\u00edvidas declaradas por si ou j\u00e1 liquidadas pela Autoridade Tribut\u00e1ria que n\u00e3o pagou.<\/p>\n\n\n\n<p>Muitas vezes entrega uma declara\u00e7\u00e3o em que indica que deve um montante e depois n\u00e3o o paga. <strong>\u00c9 mais comum do que pensa<\/strong>, caso ainda n\u00e3o lhe tenha acontecido.<\/p>\n\n\n\n<div style=\"height:25px\" aria-hidden=\"true\" class=\"wp-block-spacer\"><\/div>\n\n\n\n<div class=\"wp-block-buttons is-layout-flex wp-block-buttons-is-layout-flex\">\n<div class=\"wp-block-button\"><a class=\"wp-block-button__link wp-element-button\" href=\"#contacta\">\n      DESCARGA NUESTRA GU\u00cdA DE PRESCRIPCI\u00d3N DE DEUDA \u00bb\n    <\/a><\/div>\n<\/div>\n\n\n\n<div style=\"height:100px\" aria-hidden=\"true\" class=\"wp-block-spacer\"><\/div>\n\n\n\n<div id=\"ez-toc-container\" class=\"ez-toc-v2_0_82_2 counter-hierarchy ez-toc-counter ez-toc-custom ez-toc-container-direction\">\n<div class=\"ez-toc-title-container\">\n<p class=\"ez-toc-title\" style=\"cursor:inherit\">\u00bfQu\u00e9 vas a encontrar en este art\u00edculo?<\/p>\n<span class=\"ez-toc-title-toggle\"><\/span><\/div>\n<nav><ul class='ez-toc-list ez-toc-list-level-1 ' ><li class='ez-toc-page-1 ez-toc-heading-level-2'><a class=\"ez-toc-link ez-toc-heading-1\" href=\"https:\/\/saez.law\/pt-pt\/blog-pt\/compreender-os-prazos-de-prescricao-fiscal-em-espanha\/#Que_ano_fiscal_prescreve_em_2024_para_IVA\" >Que ano fiscal prescreve em 2024 para IVA?<\/a><\/li><li class='ez-toc-page-1 ez-toc-heading-level-2'><a class=\"ez-toc-link ez-toc-heading-2\" href=\"https:\/\/saez.law\/pt-pt\/blog-pt\/compreender-os-prazos-de-prescricao-fiscal-em-espanha\/#Quantos_anos_para_tras_pode_a_Autoridade_Tributaria_auditar_o_seu_Imposto_sobre_Sociedades_2024\" >Quantos anos para tr\u00e1s pode a Autoridade Tribut\u00e1ria auditar o seu Imposto sobre Sociedades? (2024)<\/a><\/li><li class='ez-toc-page-1 ez-toc-heading-level-2'><a class=\"ez-toc-link ez-toc-heading-3\" href=\"https:\/\/saez.law\/pt-pt\/blog-pt\/compreender-os-prazos-de-prescricao-fiscal-em-espanha\/#Quais_sao_os_prazos_para_a_Autoridade_Tributaria_auditar_o_seu_Imposto_sobre_o_Rendimento_das_Pessoas_Singulares_2024\" >Quais s\u00e3o os prazos para a Autoridade Tribut\u00e1ria auditar o seu Imposto sobre o Rendimento das Pessoas Singulares? (2024)<\/a><\/li><li class='ez-toc-page-1 ez-toc-heading-level-2'><a class=\"ez-toc-link ez-toc-heading-4\" href=\"https:\/\/saez.law\/pt-pt\/blog-pt\/compreender-os-prazos-de-prescricao-fiscal-em-espanha\/#Ley_General_Tributaria_a_partir_de_quando_contamos_o_prazo_de_quatro_anos_para_o_Imposto_sobre_Sucessoes_e_Doacoes_2024\" >Ley General Tributaria: a partir de quando contamos o prazo de quatro anos para o Imposto sobre Sucess\u00f5es e Doa\u00e7\u00f5es? (2024)<\/a><\/li><li class='ez-toc-page-1 ez-toc-heading-level-2'><a class=\"ez-toc-link ez-toc-heading-5\" href=\"https:\/\/saez.law\/pt-pt\/blog-pt\/compreender-os-prazos-de-prescricao-fiscal-em-espanha\/#O_prazo_de_prescricao_para_verificar_o_Imposto_sobre_Transmissoes_comeca_a_contar_2024\" >O prazo de prescri\u00e7\u00e3o para verificar o Imposto sobre Transmiss\u00f5es come\u00e7a a contar (2024)<\/a><\/li><li class='ez-toc-page-1 ez-toc-heading-level-2'><a class=\"ez-toc-link ez-toc-heading-6\" href=\"https:\/\/saez.law\/pt-pt\/blog-pt\/compreender-os-prazos-de-prescricao-fiscal-em-espanha\/#Quando_prescrevem_as_dividas_fiscais_perante_a_Autoridade_Tributaria_2024\" >Quando prescrevem as d\u00edvidas fiscais perante a Autoridade Tribut\u00e1ria? (2024)<\/a><\/li><li class='ez-toc-page-1 ez-toc-heading-level-2'><a class=\"ez-toc-link ez-toc-heading-7\" href=\"https:\/\/saez.law\/pt-pt\/blog-pt\/compreender-os-prazos-de-prescricao-fiscal-em-espanha\/#Video_Guide_para_entender_que_ano_fiscal_prescribe_em_2024\" >Video Guide para entender qu\u00e9 a\u00f1o fiscal prescribe em 2024.<\/a><\/li><\/ul><\/nav><\/div>\n<h2 class=\"wp-block-heading\"><span class=\"ez-toc-section\" id=\"Que_ano_fiscal_prescreve_em_2024_para_IVA\"><\/span>Que ano fiscal prescreve em 2024 para <mark style=\"background-color:#e9e0d1\" class=\"has-inline-color\">IVA<\/mark>?<span class=\"ez-toc-section-end\"><\/span><\/h2>\n\n\n\n<p>Em 2024, pode prescrever o IVA de 2020, exceto o quarto trimestre, que prescreve em fevereiro de 2025.<\/p>\n\n\n\n<p>A declara\u00e7\u00e3o do quarto trimestre de IVA de 2019 <strong><a href=\"https:\/\/saez.law\/blog\/prescripcion-de-las-deudas-con-hacienda-4-anos\/\">prescreve depois de quatro anos<\/a>, ou seja, a 31 de janeiro de 2024<\/strong>, porque foi entregue at\u00e9 30 de janeiro de 2020.<\/p>\n\n\n\n<figure class=\"wp-block-image size-large\"><img data-opt-id=1553820931  fetchpriority=\"high\" decoding=\"async\" width=\"1024\" height=\"576\" src=\"https:\/\/mlgw227z1iku.i.optimole.com\/cb:LM5n.53bfa\/w:1024\/h:576\/q:mauto\/f:best\/ig:avif\/https:\/\/saez.law\/wp-content\/uploads\/2024\/10\/2-10.jpg\" alt=\"os prazos de prescri\u00e7\u00e3o fiscal em Espanha\" class=\"wp-image-82232\" srcset=\"https:\/\/mlgw227z1iku.i.optimole.com\/cb:LM5n.53bfa\/w:1024\/h:576\/q:mauto\/f:best\/ig:avif\/https:\/\/saez.law\/wp-content\/uploads\/2024\/10\/2-10.jpg 1024w, https:\/\/mlgw227z1iku.i.optimole.com\/cb:LM5n.53bfa\/w:300\/h:169\/q:mauto\/f:best\/ig:avif\/https:\/\/saez.law\/wp-content\/uploads\/2024\/10\/2-10.jpg 300w, https:\/\/mlgw227z1iku.i.optimole.com\/cb:LM5n.53bfa\/w:768\/h:432\/q:mauto\/f:best\/ig:avif\/https:\/\/saez.law\/wp-content\/uploads\/2024\/10\/2-10.jpg 768w, https:\/\/mlgw227z1iku.i.optimole.com\/cb:LM5n.53bfa\/w:1536\/h:864\/q:mauto\/f:best\/ig:avif\/https:\/\/saez.law\/wp-content\/uploads\/2024\/10\/2-10.jpg 1536w, https:\/\/mlgw227z1iku.i.optimole.com\/cb:LM5n.53bfa\/w:373\/h:210\/q:mauto\/f:best\/ig:avif\/https:\/\/saez.law\/wp-content\/uploads\/2024\/10\/2-10.jpg 373w, https:\/\/mlgw227z1iku.i.optimole.com\/cb:LM5n.53bfa\/w:245\/h:138\/q:mauto\/f:best\/ig:avif\/https:\/\/saez.law\/wp-content\/uploads\/2024\/10\/2-10.jpg 245w, https:\/\/mlgw227z1iku.i.optimole.com\/cb:LM5n.53bfa\/w:688\/h:387\/q:mauto\/f:best\/ig:avif\/https:\/\/saez.law\/wp-content\/uploads\/2024\/10\/2-10.jpg 688w, https:\/\/mlgw227z1iku.i.optimole.com\/cb:LM5n.53bfa\/w:1920\/h:1080\/q:mauto\/f:best\/ig:avif\/https:\/\/saez.law\/wp-content\/uploads\/2024\/10\/2-10.jpg 1920w\" sizes=\"(max-width: 768px) 100vw, 768px\" \/><\/figure>\n\n\n\n<p>A declara\u00e7\u00e3o do primeiro trimestre de IVA de 2020 <strong>prescreve depois de quatro anos, a 21 de abril de 2024<\/strong>, porque foi entregue at\u00e9 20 de abril de 2020.<\/p>\n\n\n\n<p>A declara\u00e7\u00e3o do segundo trimestre de IVA de 2020 <strong>prescreve depois de quatro anos, a 21 de julho de 2024<\/strong>, porque foi entregue at\u00e9 20 de julho de 2020 (as datas podem n\u00e3o ser exatas).<\/p>\n\n\n\n<p>A declara\u00e7\u00e3o do terceiro trimestre de IVA de 2020 <strong>prescreve depois de quatro anos, a 21 de outubro de 2024<\/strong>, porque foi entregue at\u00e9 20 de outubro de 2020 (as datas podem n\u00e3o ser exatas).<\/p>\n\n\n\n<p class=\"has-md-font-size\">As datas podem n\u00e3o ser exatas, embora geralmente coincidam porque <a href=\"https:\/\/sede.agenciatributaria.gob.es\/Sede\/iva\/presentar-declaracion-iva-modelo-303\/plazo-presentacion-modelo-303.html\" target=\"_blank\" rel=\"noopener\">as declara\u00e7\u00f5es de IVA entregam-se<\/a>:<br>\u2022 Do dia 1 ao 20 do m\u00eas seguinte ao per\u00edodo de liquida\u00e7\u00e3o (abril, julho, outubro).<br>\u2022 A autoliquida\u00e7\u00e3o do quarto trimestre apresenta-se de 1 a 30 de janeiro.<\/p>\n\n\n\n<p class=\"has-light-background-color has-background has-lg-font-size\"><mark style=\"background-color:#fff\" class=\"has-inline-color\">O artigo 67 LGT estabelece que o per\u00edodo de quatro anos conta-se<\/mark> <em>\u00ab<strong>a partir do dia seguinte ao termo do prazo regulamentar de entrega da respetiva declara\u00e7\u00e3o<\/strong> ou autoliquida\u00e7\u00e3o\u00bb<\/em>.<\/p>\n\n\n\n<p>E o que acontece? O per\u00edodo de quatro anos para o IVA \u00e9 diferente do do Imposto sobre Sociedades.<\/p>\n\n\n\n<p>Normalmente, o IVA entrega-se trimestralmente \u2014 algumas empresas entregam mensalmente \u2014, pelo que os quatro anos contam-se a partir do fim desse trimestre de IVA.<\/p>\n\n\n\n<p class=\"has-light-background-color has-background has-xl-font-size\">Por exemplo, o terceiro trimestre de 2020 \u2014 julho, agosto e setembro \u2014 <strong>prescreve no final de outubro de 2024.<\/strong><\/p>\n\n\n\n<div style=\"height:20px\" aria-hidden=\"true\" class=\"wp-block-spacer\"><\/div>\n\n\n\n<div class=\"wp-block-buttons is-content-justification-right is-layout-flex wp-container-core-buttons-is-layout-765c4724 wp-block-buttons-is-layout-flex\">\n<div class=\"wp-block-button\"><a class=\"wp-block-button__link has-base-background-color has-background wp-element-button\" href=\"#contacta\">\n      GU\u00cdA DE PRESCRIPCI\u00d3N DE DEUDA\u00bb\n    <\/a><\/div>\n<\/div>\n\n\n\n<div style=\"height:100px\" aria-hidden=\"true\" class=\"wp-block-spacer\"><\/div>\n\n\n\n<h2 class=\"wp-block-heading has-4-xl-font-size\"><span class=\"ez-toc-section\" id=\"Quantos_anos_para_tras_pode_a_Autoridade_Tributaria_auditar_o_seu_Imposto_sobre_Sociedades_2024\"><\/span>Quantos anos para tr\u00e1s pode a Autoridade Tribut\u00e1ria auditar o seu <mark style=\"background-color:#e9e0d1\" class=\"has-inline-color\">Imposto sobre Sociedades<\/mark>? (2024)<span class=\"ez-toc-section-end\"><\/span><\/h2>\n\n\n\n<p>Estes s\u00e3o os anos para os quais deve guardar a documenta\u00e7\u00e3o da sua empresa.<\/p>\n\n\n\n<p>Em 2024, prescreve o exerc\u00edcio de 2019 do Imposto sobre Sociedades.<\/p>\n\n\n\n<p>A declara\u00e7\u00e3o de 2019 do Imposto sobre Sociedades <strong>prescreve depois de quatro anos, a 26 de julho de 2024<\/strong>, porque foi entregue at\u00e9 25 de julho de 2020.<\/p>\n\n\n\n<p class=\"has-text-align-right has-md-font-size\">A data exata pode variar por Comunidade Aut\u00f3noma porque 25 de julho (Santiago) \u00e9 feriado local, e tamb\u00e9m pode variar consoante o fim-de-semana.<\/p>\n\n\n\n<p class=\"has-text-align-right has-md-font-size\">Lembre-se de que algumas empresas n\u00e3o encerram o exerc\u00edcio a 31 de dezembro e a declara\u00e7\u00e3o do Imposto sobre Sociedades <strong>entrega-se<\/strong> nos <strong>25 dias de calend\u00e1rio ap\u00f3s os seis meses seguintes ao fim do exerc\u00edcio<\/strong>.<\/p>\n\n\n\n<p>O prazo normal de entrega do Imposto sobre Sociedades \u00e9 25 de julho.<\/p>\n\n\n\n<p>Como vimos, em agosto de 2024 o per\u00edodo de 2019 do Imposto sobre Sociedades j\u00e1 ter\u00e1 prescrito. Por isso <mark style=\"background-color:#e9e0d1\" class=\"has-inline-color\">recomenda-se guardar as faturas e os extratos banc\u00e1rios da empresa, pelo menos, por cinco anos<\/mark>.<\/p>\n\n\n\n<div style=\"height:100px\" aria-hidden=\"true\" class=\"wp-block-spacer\"><\/div>\n\n\n\n<h2 class=\"wp-block-heading has-text-align-center has-white-color has-base-background-color has-text-color has-background has-link-color wp-elements-253c596c701d50c15b163a475a1cb0c7\"><span class=\"ez-toc-section\" id=\"Quais_sao_os_prazos_para_a_Autoridade_Tributaria_auditar_o_seu_Imposto_sobre_o_Rendimento_das_Pessoas_Singulares_2024\"><\/span>Quais s\u00e3o os prazos para a Autoridade Tribut\u00e1ria auditar o seu <mark style=\"background-color:#e9e0d1\" class=\"has-inline-color\">Imposto sobre o Rendimento das Pessoas Singulares<\/mark>? (2024)<span class=\"ez-toc-section-end\"><\/span><\/h2>\n\n\n\n<p>Em 2024, prescreve o exerc\u00edcio de 2019 do IRS espanhol (Personal Income Tax).<\/p>\n\n\n\n<p>A declara\u00e7\u00e3o de IRS de 2019 <strong>prescreve depois de quatro anos, a 1 de julho de 2024<\/strong>, porque foi entregue at\u00e9 30 de junho de 2020.<\/p>\n\n\n\n<p class=\"has-md-font-size\">A data exata pode variar se coincidir com feriado ou consoante o fim-de-semana, pois o prazo para apresentar o rascunho e as declara\u00e7\u00f5es \u2014 qualquer que seja o resultado \u2014 \u00e9 <strong>30 de junho<\/strong>.<\/p>\n\n\n\n<p><mark style=\"background-color:#000000\" class=\"has-inline-color has-white-color\">Pode acontecer que o IVA j\u00e1 tenha prescrito enquanto o IRS ainda n\u00e3o<\/mark>. Muitos trabalhadores independentes s\u00e3o auditados pelo IRS e n\u00e3o pelo IVA porque o IVA prescreve trimestre a trimestre, enquanto o IRS demora mais, j\u00e1 que se entrega at\u00e9 junho do ano seguinte.<\/p>\n\n\n\n<figure class=\"wp-block-image size-large\"><img data-opt-id=2113397213  fetchpriority=\"high\" decoding=\"async\" width=\"1024\" height=\"576\" src=\"https:\/\/mlgw227z1iku.i.optimole.com\/cb:LM5n.53bfa\/w:1024\/h:576\/q:mauto\/f:best\/ig:avif\/https:\/\/saez.law\/wp-content\/uploads\/2024\/10\/3-10.jpg\" alt=\"A prescri\u00e7\u00e3o depende de cada imposto\" class=\"wp-image-82239\" srcset=\"https:\/\/mlgw227z1iku.i.optimole.com\/cb:LM5n.53bfa\/w:1024\/h:576\/q:mauto\/f:best\/ig:avif\/https:\/\/saez.law\/wp-content\/uploads\/2024\/10\/3-10.jpg 1024w, https:\/\/mlgw227z1iku.i.optimole.com\/cb:LM5n.53bfa\/w:300\/h:169\/q:mauto\/f:best\/ig:avif\/https:\/\/saez.law\/wp-content\/uploads\/2024\/10\/3-10.jpg 300w, https:\/\/mlgw227z1iku.i.optimole.com\/cb:LM5n.53bfa\/w:768\/h:432\/q:mauto\/f:best\/ig:avif\/https:\/\/saez.law\/wp-content\/uploads\/2024\/10\/3-10.jpg 768w, https:\/\/mlgw227z1iku.i.optimole.com\/cb:LM5n.53bfa\/w:1536\/h:864\/q:mauto\/f:best\/ig:avif\/https:\/\/saez.law\/wp-content\/uploads\/2024\/10\/3-10.jpg 1536w, https:\/\/mlgw227z1iku.i.optimole.com\/cb:LM5n.53bfa\/w:373\/h:210\/q:mauto\/f:best\/ig:avif\/https:\/\/saez.law\/wp-content\/uploads\/2024\/10\/3-10.jpg 373w, https:\/\/mlgw227z1iku.i.optimole.com\/cb:LM5n.53bfa\/w:245\/h:138\/q:mauto\/f:best\/ig:avif\/https:\/\/saez.law\/wp-content\/uploads\/2024\/10\/3-10.jpg 245w, https:\/\/mlgw227z1iku.i.optimole.com\/cb:LM5n.53bfa\/w:688\/h:387\/q:mauto\/f:best\/ig:avif\/https:\/\/saez.law\/wp-content\/uploads\/2024\/10\/3-10.jpg 688w, https:\/\/mlgw227z1iku.i.optimole.com\/cb:LM5n.53bfa\/w:1920\/h:1080\/q:mauto\/f:best\/ig:avif\/https:\/\/saez.law\/wp-content\/uploads\/2024\/10\/3-10.jpg 1920w\" sizes=\"(max-width: 768px) 100vw, 768px\" \/><\/figure>\n\n\n\n<p>Por exemplo, o IVA do primeiro trimestre de 2019 prescreveu em fevereiro de 2023, mas o IRS de 2019 s\u00f3 prescreveu em julho de 2024.<\/p>\n\n\n\n<p>A prescri\u00e7\u00e3o depende de cada imposto e varia; \u00e9 normal haver falta de coordena\u00e7\u00e3o entre a prescri\u00e7\u00e3o do IVA e a do IRS ou do Imposto sobre Sociedades. <strong>O IVA prescreve sempre antes.<\/strong><\/p>\n\n\n\n<p>Neste sentido, a Resolu\u00e7\u00e3o do TEAC (Tribunal Econ\u00f3mico-Administrativo Central) de 24 de setembro de 2024, recurso n.\u00ba 2769\/2023, estabelece:<\/p>\n\n\n\n<blockquote class=\"wp-block-quote is-layout-flow wp-block-quote-is-layout-flow\">\n<p>\u00ab<em>Quando, em processos cujo \u00e2mbito inclui o imposto direto <strong>(IRS ou Imposto sobre Sociedades)<\/strong> e o Imposto sobre o Valor Acrescentado, a Administra\u00e7\u00e3o Tribut\u00e1ria prova a exist\u00eancia de opera\u00e7\u00f5es ocultas em que as partes n\u00e3o indicaram qualquer men\u00e7\u00e3o ao IVA, a qualifica\u00e7\u00e3o feita pelo \u00f3rg\u00e3o competente \u2014 se os valores dessas opera\u00e7\u00f5es s\u00e3o considerados com ou sem IVA inclu\u00eddo \u2014 deve ser a mesma para todas as opera\u00e7\u00f5es afetadas, desde que homog\u00e9neas ou semelhantes, <strong><mark style=\"background-color:#e9e0d1\" class=\"has-inline-color\"><em>mesmo que alguns per\u00edodos de IVA n\u00e3o possam ser liquidados por estarem prescritos<\/em><\/mark><\/strong>.\u00bb<\/em><\/p>\n<\/blockquote>\n\n\n\n<div style=\"height:25px\" aria-hidden=\"true\" class=\"wp-block-spacer\"><\/div>\n\n\n\n<div class=\"wp-block-buttons is-content-justification-center is-layout-flex wp-container-core-buttons-is-layout-16018d1d wp-block-buttons-is-layout-flex\">\n<div class=\"wp-block-button\"><a class=\"wp-block-button__link has-base-background-color has-background has-xl-font-size has-custom-font-size wp-element-button\" href=\"#contacta\">\n      OBTENHA O NOSSO GUIA PARA FICAR LIVRE DE D\u00cdVIDAS FISCAIS \u00bb\n    <\/a><\/div>\n<\/div>\n\n\n\n<div style=\"height:100px\" aria-hidden=\"true\" class=\"wp-block-spacer\"><\/div>\n\n\n\n<h2 class=\"wp-block-heading has-3-xl-font-size\"><span class=\"ez-toc-section\" id=\"Ley_General_Tributaria_a_partir_de_quando_contamos_o_prazo_de_quatro_anos_para_o_Imposto_sobre_Sucessoes_e_Doacoes_2024\"><\/span>Ley General Tributaria: a partir de quando contamos o prazo de quatro anos para o <mark style=\"background-color:#e9e0d1\" class=\"has-inline-color\">Imposto sobre Sucess\u00f5es e Doa\u00e7\u00f5es<\/mark>? (2024)<span class=\"ez-toc-section-end\"><\/span><\/h2>\n\n\n\n<p>Em 2024, prescrevem as heran\u00e7as da segunda metade de 2019 e do primeiro trimestre de 2020 para efeitos do Imposto sobre Sucess\u00f5es e Doa\u00e7\u00f5es.<\/p>\n\n\n\n<p>Regra geral, tem de esperar quatro anos e seis meses para que o imposto sobre a heran\u00e7a de uma pessoa falecida prescreva. Isto porque o prazo para apresentar a declara\u00e7\u00e3o \u00e9 de seis meses a contar da data do \u00f3bito.<\/p>\n\n\n\n<p>A pessoa de quem herda falece e <mark style=\"background-color:#000000\" class=\"has-inline-color has-white-color\">disp\u00f5e de seis meses para entregar a declara\u00e7\u00e3o<\/mark>, verificar se h\u00e1 testamento, determinar quanto herdou e valorar os bens da heran\u00e7a.<\/p>\n\n\n\n<p>Depois soma esses seis meses ao limite de quatro anos e assim por diante.<\/p>\n\n\n\n<div style=\"height:100px\" aria-hidden=\"true\" class=\"wp-block-spacer\"><\/div>\n\n\n\n<h2 class=\"wp-block-heading has-text-align-right\"><span class=\"ez-toc-section\" id=\"O_prazo_de_prescricao_para_verificar_o_Imposto_sobre_Transmissoes_comeca_a_contar_2024\"><\/span>O prazo de prescri\u00e7\u00e3o para verificar o <mark style=\"background-color:#e9e0d1\" class=\"has-inline-color\">Imposto sobre Transmiss\u00f5es<\/mark> come\u00e7a a contar (2024)<span class=\"ez-toc-section-end\"><\/span><\/h2>\n\n\n\n<p>Em 2024, a maioria dos Impostos sobre Transmiss\u00f5es Patrimoniais Onerosas de 2020 prescreve, exceto os do fim do ano, que s\u00f3 prescrevem em 2025.<\/p>\n\n\n\n<p>O prazo para entregar a declara\u00e7\u00e3o do Imposto sobre Transmiss\u00f5es depende de cada Comunidade Aut\u00f3noma. Regra geral, \u00e9 de um m\u00eas ou 30 dias \u00fateis \u2014 cerca de seis semanas sem feriados.<\/p>\n\n\n\n<p>Depois de terminado o prazo de entrega, contam-se quatro anos para que o imposto prescreva.<\/p>\n\n\n\n<figure class=\"wp-block-image size-large\"><img data-opt-id=7081205  data-opt-src=\"https:\/\/mlgw227z1iku.i.optimole.com\/cb:LM5n.53bfa\/w:1024\/h:576\/q:mauto\/f:best\/ig:avif\/https:\/\/saez.law\/wp-content\/uploads\/2024\/10\/4-4.jpg\"  decoding=\"async\" width=\"1024\" height=\"576\" src=\"https:\/\/mlgw227z1iku.i.optimole.com\/cb:LM5n.53bfa\/w:1024\/h:576\/q:eco\/f:best\/ig:avif\/https:\/\/saez.law\/wp-content\/uploads\/2024\/10\/4-4.jpg\" alt=\"Depois de terminado o prazo de entrega, contam-se quatro anos\" class=\"wp-image-82244\" old-srcset=\"https:\/\/mlgw227z1iku.i.optimole.com\/cb:LM5n.53bfa\/w:1024\/h:576\/q:mauto\/f:best\/ig:avif\/https:\/\/saez.law\/wp-content\/uploads\/2024\/10\/4-4.jpg 1024w, https:\/\/mlgw227z1iku.i.optimole.com\/cb:LM5n.53bfa\/w:300\/h:169\/q:mauto\/f:best\/ig:avif\/https:\/\/saez.law\/wp-content\/uploads\/2024\/10\/4-4.jpg 300w, https:\/\/mlgw227z1iku.i.optimole.com\/cb:LM5n.53bfa\/w:768\/h:432\/q:mauto\/f:best\/ig:avif\/https:\/\/saez.law\/wp-content\/uploads\/2024\/10\/4-4.jpg 768w, https:\/\/mlgw227z1iku.i.optimole.com\/cb:LM5n.53bfa\/w:1536\/h:864\/q:mauto\/f:best\/ig:avif\/https:\/\/saez.law\/wp-content\/uploads\/2024\/10\/4-4.jpg 1536w, https:\/\/mlgw227z1iku.i.optimole.com\/cb:LM5n.53bfa\/w:373\/h:210\/q:mauto\/f:best\/ig:avif\/https:\/\/saez.law\/wp-content\/uploads\/2024\/10\/4-4.jpg 373w, https:\/\/mlgw227z1iku.i.optimole.com\/cb:LM5n.53bfa\/w:245\/h:138\/q:mauto\/f:best\/ig:avif\/https:\/\/saez.law\/wp-content\/uploads\/2024\/10\/4-4.jpg 245w, https:\/\/mlgw227z1iku.i.optimole.com\/cb:LM5n.53bfa\/w:688\/h:387\/q:mauto\/f:best\/ig:avif\/https:\/\/saez.law\/wp-content\/uploads\/2024\/10\/4-4.jpg 688w, https:\/\/mlgw227z1iku.i.optimole.com\/cb:LM5n.53bfa\/w:1920\/h:1080\/q:mauto\/f:best\/ig:avif\/https:\/\/saez.law\/wp-content\/uploads\/2024\/10\/4-4.jpg 1920w\" \/><noscript><img data-opt-id=7081205  decoding=\"async\" width=\"1024\" height=\"576\" src=\"https:\/\/mlgw227z1iku.i.optimole.com\/cb:LM5n.53bfa\/w:1024\/h:576\/q:mauto\/f:best\/ig:avif\/https:\/\/saez.law\/wp-content\/uploads\/2024\/10\/4-4.jpg\" alt=\"Depois de terminado o prazo de entrega, contam-se quatro anos\" class=\"wp-image-82244\" srcset=\"https:\/\/mlgw227z1iku.i.optimole.com\/cb:LM5n.53bfa\/w:1024\/h:576\/q:mauto\/f:best\/ig:avif\/https:\/\/saez.law\/wp-content\/uploads\/2024\/10\/4-4.jpg 1024w, https:\/\/mlgw227z1iku.i.optimole.com\/cb:LM5n.53bfa\/w:300\/h:169\/q:mauto\/f:best\/ig:avif\/https:\/\/saez.law\/wp-content\/uploads\/2024\/10\/4-4.jpg 300w, https:\/\/mlgw227z1iku.i.optimole.com\/cb:LM5n.53bfa\/w:768\/h:432\/q:mauto\/f:best\/ig:avif\/https:\/\/saez.law\/wp-content\/uploads\/2024\/10\/4-4.jpg 768w, https:\/\/mlgw227z1iku.i.optimole.com\/cb:LM5n.53bfa\/w:1536\/h:864\/q:mauto\/f:best\/ig:avif\/https:\/\/saez.law\/wp-content\/uploads\/2024\/10\/4-4.jpg 1536w, https:\/\/mlgw227z1iku.i.optimole.com\/cb:LM5n.53bfa\/w:373\/h:210\/q:mauto\/f:best\/ig:avif\/https:\/\/saez.law\/wp-content\/uploads\/2024\/10\/4-4.jpg 373w, https:\/\/mlgw227z1iku.i.optimole.com\/cb:LM5n.53bfa\/w:245\/h:138\/q:mauto\/f:best\/ig:avif\/https:\/\/saez.law\/wp-content\/uploads\/2024\/10\/4-4.jpg 245w, https:\/\/mlgw227z1iku.i.optimole.com\/cb:LM5n.53bfa\/w:688\/h:387\/q:mauto\/f:best\/ig:avif\/https:\/\/saez.law\/wp-content\/uploads\/2024\/10\/4-4.jpg 688w, https:\/\/mlgw227z1iku.i.optimole.com\/cb:LM5n.53bfa\/w:1920\/h:1080\/q:mauto\/f:best\/ig:avif\/https:\/\/saez.law\/wp-content\/uploads\/2024\/10\/4-4.jpg 1920w\" sizes=\"(max-width: 768px) 100vw, 768px\" \/></noscript><\/figure>\n\n\n\n<div style=\"height:25px\" aria-hidden=\"true\" class=\"wp-block-spacer\"><\/div>\n\n\n\n<div class=\"wp-block-buttons is-layout-flex wp-block-buttons-is-layout-flex\">\n<div class=\"wp-block-button\"><a class=\"wp-block-button__link has-base-color has-light-background-color has-text-color has-background has-link-color has-xl-font-size has-custom-font-size wp-element-button\" href=\"#contacta\">\n      DESCARREGUE O GUIA EXPLICATIVO SOBRE A PRESCRI\u00c7\u00c3O FISCAL \u00bb\n    <\/a><\/div>\n<\/div>\n\n\n\n<div style=\"height:100px\" aria-hidden=\"true\" class=\"wp-block-spacer\"><\/div>\n\n\n\n<h2 class=\"wp-block-heading\"><span class=\"ez-toc-section\" id=\"Quando_prescrevem_as_dividas_fiscais_perante_a_Autoridade_Tributaria_2024\"><\/span>Quando prescrevem as d\u00edvidas fiscais perante a Autoridade Tribut\u00e1ria? (2024)<span class=\"ez-toc-section-end\"><\/span><\/h2>\n\n\n\n<p>Acab\u00e1mos de ver os prazos dos impostos se n\u00e3o for auditado e tudo seguir o seu curso normal, mas estes prazos podem mudar.<\/p>\n\n\n\n<p>Al\u00e9m disso, talvez o seu IVA fosse a pagar e n\u00e3o tivesse dinheiro suficiente, passaram anos e ainda n\u00e3o pagou. <strong>Aqui a quest\u00e3o n\u00e3o \u00e9 se o auditam ou n\u00e3o, mas outra.<\/strong><\/p>\n\n\n\n<p class=\"has-text-align-right has-light-background-color has-background has-xl-font-size\">H\u00e1 muitas raz\u00f5es para interromper a \u00ab<strong>prescripci\u00f3n<\/strong>\u00bb que atrasam o fim do per\u00edodo de quatro anos.<\/p>\n\n\n\n<p>A interrup\u00e7\u00e3o da \u00ab<strong>prescripci\u00f3n<\/strong>\u00bb. Este rein\u00edcio que faz os quatro anos come\u00e7arem de novo est\u00e1 regulado no artigo 68 LGT:<\/p>\n\n\n\n<p>\u2014 <strong>abaixo segue um resumo<\/strong>; o texto legal \u00e9 apenas para refer\u00eancia.<\/p>\n\n\n\n<blockquote class=\"wp-block-quote is-layout-flow wp-block-quote-is-layout-flow\">\n<p><em>Artigo 68. Interrup\u00e7\u00e3o dos prazos de prescri\u00e7\u00e3o.<\/em><\/p>\n\n\n\n<p><strong>[Interrup\u00e7\u00e3o da prescri\u00e7\u00e3o de um ano fiscal]<\/strong><\/p>\n\n\n\n<p><em>1. O per\u00edodo de quatro anos [&#8230;] interrompe-se:<br><br>a) Por qualquer atua\u00e7\u00e3o da Administra\u00e7\u00e3o Tribut\u00e1ria, notificada formalmente ao contribuinte, destinada a reconhecer, regularizar, <strong>auditar, inspecionar<\/strong>, assegurar ou liquidar total ou parcialmente os elementos da obriga\u00e7\u00e3o tribut\u00e1ria em causa, mesmo que a atua\u00e7\u00e3o se dirija inicialmente a uma obriga\u00e7\u00e3o diferente em resultado de uma declara\u00e7\u00e3o incorreta do contribuinte.<br><br>b) Pela apresenta\u00e7\u00e3o de <strong>recursos ou reclama\u00e7\u00f5es<\/strong> de qualquer tipo, por quaisquer atua\u00e7\u00f5es realizadas com conhecimento formal do contribuinte no \u00e2mbito desses recursos ou reclama\u00e7\u00f5es, pela remessa do processo \u00e0 jurisdi\u00e7\u00e3o penal ou pela apresenta\u00e7\u00e3o de den\u00fancia ao Minist\u00e9rio P\u00fablico, bem como pela rece\u00e7\u00e3o de comunica\u00e7\u00e3o de \u00f3rg\u00e3o judicial ordenando a suspens\u00e3o do procedimento administrativo em curso.<br><br>c) Por qualquer atua\u00e7\u00e3o expressa do contribuinte destinada a liquidar ou <strong>autoliquidar<\/strong> a d\u00edvida tribut\u00e1ria.<\/em><\/p>\n\n\n\n<p><strong>[Interrup\u00e7\u00e3o da prescri\u00e7\u00e3o de uma d\u00edvida]<\/strong><\/p>\n\n\n\n<p><em>2. O per\u00edodo de quatro anos [&#8230;] interrompe-se:<br><br>a) Por qualquer atua\u00e7\u00e3o da Administra\u00e7\u00e3o Tribut\u00e1ria, notificada formalmente ao contribuinte, efetivamente destinada \u00e0 <strong>cobran\u00e7a<\/strong> da d\u00edvida tribut\u00e1ria.<br><br>b) Pela apresenta\u00e7\u00e3o de <strong>recursos ou reclama\u00e7\u00f5es<\/strong> de qualquer tipo, por quaisquer atua\u00e7\u00f5es realizadas com conhecimento formal do contribuinte no decurso desses recursos ou reclama\u00e7\u00f5es, pela declara\u00e7\u00e3o de insolv\u00eancia do devedor ou por a\u00e7\u00f5es civis ou penais de cobran\u00e7a, bem como pela rece\u00e7\u00e3o de comunica\u00e7\u00e3o de \u00f3rg\u00e3o judicial ordenando a suspens\u00e3o do procedimento administrativo em curso.<br><br>c) Por qualquer atua\u00e7\u00e3o expressa do contribuinte destinada a <strong>pagar<\/strong> ou liquidar a d\u00edvida tribut\u00e1ria.<\/em><\/p>\n<\/blockquote>\n\n\n\n<p>Em resumo, o prazo de quatro anos reinicia-se e come\u00e7a de novo se <strong>a Autoridade Tribut\u00e1ria o auditar ou inspecionar<\/strong>. Tamb\u00e9m reinicia se <strong>impugnar a coima ou a liquida\u00e7\u00e3o<\/strong> resultante dessa auditoria ou inspe\u00e7\u00e3o, ou se <strong>apresentar uma declara\u00e7\u00e3o complementar<\/strong>.<\/p>\n\n\n\n<figure class=\"wp-block-image size-large\"><img data-opt-id=216358362  data-opt-src=\"https:\/\/mlgw227z1iku.i.optimole.com\/cb:LM5n.53bfa\/w:1024\/h:576\/q:mauto\/f:best\/ig:avif\/https:\/\/saez.law\/wp-content\/uploads\/2024\/10\/5-1.jpg\"  decoding=\"async\" width=\"1024\" height=\"576\" src=\"https:\/\/mlgw227z1iku.i.optimole.com\/cb:LM5n.53bfa\/w:1024\/h:576\/q:eco\/f:best\/ig:avif\/https:\/\/saez.law\/wp-content\/uploads\/2024\/10\/5-1.jpg\" alt=\"Alvaro Saez advogado fiscalista\" class=\"wp-image-82249\" old-srcset=\"https:\/\/mlgw227z1iku.i.optimole.com\/cb:LM5n.53bfa\/w:1024\/h:576\/q:mauto\/f:best\/ig:avif\/https:\/\/saez.law\/wp-content\/uploads\/2024\/10\/5-1.jpg 1024w, https:\/\/mlgw227z1iku.i.optimole.com\/cb:LM5n.53bfa\/w:300\/h:169\/q:mauto\/f:best\/ig:avif\/https:\/\/saez.law\/wp-content\/uploads\/2024\/10\/5-1.jpg 300w, https:\/\/mlgw227z1iku.i.optimole.com\/cb:LM5n.53bfa\/w:768\/h:432\/q:mauto\/f:best\/ig:avif\/https:\/\/saez.law\/wp-content\/uploads\/2024\/10\/5-1.jpg 768w, https:\/\/mlgw227z1iku.i.optimole.com\/cb:LM5n.53bfa\/w:1536\/h:864\/q:mauto\/f:best\/ig:avif\/https:\/\/saez.law\/wp-content\/uploads\/2024\/10\/5-1.jpg 1536w, https:\/\/mlgw227z1iku.i.optimole.com\/cb:LM5n.53bfa\/w:373\/h:210\/q:mauto\/f:best\/ig:avif\/https:\/\/saez.law\/wp-content\/uploads\/2024\/10\/5-1.jpg 373w, https:\/\/mlgw227z1iku.i.optimole.com\/cb:LM5n.53bfa\/w:245\/h:138\/q:mauto\/f:best\/ig:avif\/https:\/\/saez.law\/wp-content\/uploads\/2024\/10\/5-1.jpg 245w, https:\/\/mlgw227z1iku.i.optimole.com\/cb:LM5n.53bfa\/w:688\/h:387\/q:mauto\/f:best\/ig:avif\/https:\/\/saez.law\/wp-content\/uploads\/2024\/10\/5-1.jpg 688w, https:\/\/mlgw227z1iku.i.optimole.com\/cb:LM5n.53bfa\/w:1920\/h:1080\/q:mauto\/f:best\/ig:avif\/https:\/\/saez.law\/wp-content\/uploads\/2024\/10\/5-1.jpg 1920w\" \/><noscript><img data-opt-id=216358362  decoding=\"async\" width=\"1024\" height=\"576\" src=\"https:\/\/mlgw227z1iku.i.optimole.com\/cb:LM5n.53bfa\/w:1024\/h:576\/q:mauto\/f:best\/ig:avif\/https:\/\/saez.law\/wp-content\/uploads\/2024\/10\/5-1.jpg\" alt=\"Alvaro Saez advogado fiscalista\" class=\"wp-image-82249\" srcset=\"https:\/\/mlgw227z1iku.i.optimole.com\/cb:LM5n.53bfa\/w:1024\/h:576\/q:mauto\/f:best\/ig:avif\/https:\/\/saez.law\/wp-content\/uploads\/2024\/10\/5-1.jpg 1024w, https:\/\/mlgw227z1iku.i.optimole.com\/cb:LM5n.53bfa\/w:300\/h:169\/q:mauto\/f:best\/ig:avif\/https:\/\/saez.law\/wp-content\/uploads\/2024\/10\/5-1.jpg 300w, https:\/\/mlgw227z1iku.i.optimole.com\/cb:LM5n.53bfa\/w:768\/h:432\/q:mauto\/f:best\/ig:avif\/https:\/\/saez.law\/wp-content\/uploads\/2024\/10\/5-1.jpg 768w, https:\/\/mlgw227z1iku.i.optimole.com\/cb:LM5n.53bfa\/w:1536\/h:864\/q:mauto\/f:best\/ig:avif\/https:\/\/saez.law\/wp-content\/uploads\/2024\/10\/5-1.jpg 1536w, https:\/\/mlgw227z1iku.i.optimole.com\/cb:LM5n.53bfa\/w:373\/h:210\/q:mauto\/f:best\/ig:avif\/https:\/\/saez.law\/wp-content\/uploads\/2024\/10\/5-1.jpg 373w, https:\/\/mlgw227z1iku.i.optimole.com\/cb:LM5n.53bfa\/w:245\/h:138\/q:mauto\/f:best\/ig:avif\/https:\/\/saez.law\/wp-content\/uploads\/2024\/10\/5-1.jpg 245w, https:\/\/mlgw227z1iku.i.optimole.com\/cb:LM5n.53bfa\/w:688\/h:387\/q:mauto\/f:best\/ig:avif\/https:\/\/saez.law\/wp-content\/uploads\/2024\/10\/5-1.jpg 688w, https:\/\/mlgw227z1iku.i.optimole.com\/cb:LM5n.53bfa\/w:1920\/h:1080\/q:mauto\/f:best\/ig:avif\/https:\/\/saez.law\/wp-content\/uploads\/2024\/10\/5-1.jpg 1920w\" sizes=\"(max-width: 768px) 100vw, 768px\" \/></noscript><\/figure>\n\n\n\n<p>Isto \u00e9, se a 25 de junho de 2024 \u2014 poucos dias antes de prescrever o IRS de 2019 \u2014 apresentar uma declara\u00e7\u00e3o complementar de 2019, interrompe a \u00ab<strong>prescripci\u00f3n<\/strong>\u00bb, reiniciando o limite de quatro anos <strong>at\u00e9 25 de junho de 2028!<\/strong><\/p>\n\n\n\n<p>No que respeita a d\u00edvidas reconhecidas mas n\u00e3o pagas, podemos dizer que o prazo de quatro anos reinicia-se se <strong>lhe penhorarem a conta banc\u00e1ria<\/strong> \u2014 mesmo que seja por 1 c\u00eantimo \u2014, <strong>se recorrer<\/strong> ou <strong>se efetuar um pagamento<\/strong>.<\/p>\n\n\n\n<p class=\"has-text-align-right\"><strong>Sim, mesmo que pague apenas 1 c\u00eantimo<\/strong>, o prazo de quatro anos para a d\u00edvida recome\u00e7a. Imagine que deve 100 000 \u20ac desde 2 de janeiro de 2019 e ganha 5 000 \u20ac na lotaria de Natal. A 29 de dezembro de 2023 \u2014 quase quatro anos depois \u2014 vai e paga 4 000 \u20ac de boa-f\u00e9 para cumprir com a Autoridade Tribut\u00e1ria.<\/p>\n\n\n\n<p class=\"has-light-background-color has-background\"><strong>Nesse caso, em janeiro de 2024 ainda devia 96 000 \u20ac<\/strong> (os 100 000 \u20ac menos os 4 000 \u20ac pagos) e a Autoridade Tribut\u00e1ria teria mais quatro anos para cobrar. <strong>Se n\u00e3o tivesse pago os 4 000 \u20ac em 29 de dezembro, a d\u00edvida j\u00e1 teria prescrito<\/strong> e <mark style=\"background-color:#fff\" class=\"has-inline-color\">n\u00e3o devia nada, 0 \u20ac<\/mark>.<\/p>\n\n\n\n<p>Em conclus\u00e3o, \u00e9 \u00fatil saber se um imposto j\u00e1 prescreveu para si e <strong>o que pode fazer para que o prazo de quatro anos n\u00e3o reinicie<\/strong> e n\u00e3o volte a contar.<\/p>\n\n\n\n<p>Por isso, <mark style=\"background-color:#000000\" class=\"has-inline-color has-white-color\">queremos partilhar consigo um guia<\/mark> que inclui, de forma simples, <strong>os pontos-chave sobre a \u00ab<strong>prescripci\u00f3n<\/strong>\u00bb<\/strong> que esperamos ser-lhe muito \u00fatil.<\/p>\n\n\n\n<p><mark style=\"background-color:#e9e0d1\" class=\"has-inline-color\"><br> Para si<\/mark>: \u00e9 um <strong>guia avaliado em 187 \u20ac<\/strong> que decidimos oferecer-lhe completamente gr\u00e1tis, <s>187 \u20ac<\/s>.<\/p>\n\n\n\n<div style=\"height:100px\" aria-hidden=\"true\" id=\"contacta\" class=\"wp-block-spacer\"><\/div>\n\n\n\n<p class=\"has-light-background-color has-background has-2-xl-font-size\"><strong>Obtenha apoio de um advogado fiscalista experiente \u2014 <strong>PREENCHA O FORMUL\u00c1RIO E CONTACTE-NOS<\/strong> \u2b07\ufe0f<\/strong><\/p>\n\n\n<script>\nvar gform;gform||(document.addEventListener(\"gform_main_scripts_loaded\",function(){gform.scriptsLoaded=!0}),document.addEventListener(\"gform\/theme\/scripts_loaded\",function(){gform.themeScriptsLoaded=!0}),window.addEventListener(\"DOMContentLoaded\",function(){gform.domLoaded=!0}),gform={domLoaded:!1,scriptsLoaded:!1,themeScriptsLoaded:!1,isFormEditor:()=>\"function\"==typeof InitializeEditor,callIfLoaded:function(o){return!(!gform.domLoaded||!gform.scriptsLoaded||!gform.themeScriptsLoaded&&!gform.isFormEditor()||(gform.isFormEditor()&&console.warn(\"The use of gform.initializeOnLoaded() is deprecated in the form editor context and will be removed in Gravity Forms 3.1.\"),o(),0))},initializeOnLoaded:function(o){gform.callIfLoaded(o)||(document.addEventListener(\"gform_main_scripts_loaded\",()=>{gform.scriptsLoaded=!0,gform.callIfLoaded(o)}),document.addEventListener(\"gform\/theme\/scripts_loaded\",()=>{gform.themeScriptsLoaded=!0,gform.callIfLoaded(o)}),window.addEventListener(\"DOMContentLoaded\",()=>{gform.domLoaded=!0,gform.callIfLoaded(o)}))},hooks:{action:{},filter:{}},addAction:function(o,r,e,t){gform.addHook(\"action\",o,r,e,t)},addFilter:function(o,r,e,t){gform.addHook(\"filter\",o,r,e,t)},doAction:function(o){gform.doHook(\"action\",o,arguments)},applyFilters:function(o){return gform.doHook(\"filter\",o,arguments)},removeAction:function(o,r){gform.removeHook(\"action\",o,r)},removeFilter:function(o,r,e){gform.removeHook(\"filter\",o,r,e)},addHook:function(o,r,e,t,n){null==gform.hooks[o][r]&&(gform.hooks[o][r]=[]);var d=gform.hooks[o][r];null==n&&(n=r+\"_\"+d.length),gform.hooks[o][r].push({tag:n,callable:e,priority:t=null==t?10:t})},doHook:function(r,o,e){var t;if(e=Array.prototype.slice.call(e,1),null!=gform.hooks[r][o]&&((o=gform.hooks[r][o]).sort(function(o,r){return o.priority-r.priority}),o.forEach(function(o){\"function\"!=typeof(t=o.callable)&&(t=window[t]),\"action\"==r?t.apply(null,e):e[0]=t.apply(null,e)})),\"filter\"==r)return e[0]},removeHook:function(o,r,t,n){var e;null!=gform.hooks[o][r]&&(e=(e=gform.hooks[o][r]).filter(function(o,r,e){return!!(null!=n&&n!=o.tag||null!=t&&t!=o.priority)}),gform.hooks[o][r]=e)}});\n<\/script>\n\n                <div class='gf_browser_gecko gform_wrapper gravity-theme gform-theme--no-framework formGF46_wrapper' data-form-theme='gravity-theme' data-form-index='0' id='gform_wrapper_233' ><div id='gf_233' class='gform_anchor' tabindex='-1'><\/div>\n                        <div class='gform_heading'>\n\t\t\t\t\t\t\t<p class='gform_required_legend'><\/p>\n                        <\/div><form method='post' enctype='multipart\/form-data'  id='gform_233' class='formGF46' action='\/pt-pt\/wp-json\/wp\/v2\/posts\/89280#gf_233' data-formid='233' novalidate>\n                        <div class='gform-body gform_body'><div id='gform_fields_233' class='gform_fields top_label form_sublabel_below description_below validation_below'><div id=\"field_233_5\" class=\"gfield gfield--type-text gfield--input-type-text gfield_contains_required field_sublabel_below gfield--no-description field_description_below hidden_label field_validation_below gfield_visibility_visible\"  ><label class='gfield_label gform-field-label' for='input_233_5'>Nome<span class=\"gfield_required\"><span class=\"gfield_required gfield_required_asterisk\">*<\/span><\/span><\/label><div class='ginput_container ginput_container_text'><input name='input_5' id='input_233_5' type='text' value='' class='large'    placeholder='Nome' aria-required=\"true\" aria-invalid=\"false\"   \/><\/div><\/div><div id=\"field_233_2\" class=\"gfield gfield--type-email gfield--input-type-email gfield_contains_required field_sublabel_below gfield--no-description field_description_below hidden_label field_validation_below gfield_visibility_visible\"  ><label class='gfield_label gform-field-label' for='input_233_2'>Email<span class=\"gfield_required\"><span class=\"gfield_required gfield_required_asterisk\">*<\/span><\/span><\/label><div class='ginput_container ginput_container_email'>\n                            <input name='input_2' id='input_233_2' type='email' value='' class='large'   placeholder='E-mail' aria-required=\"true\" aria-invalid=\"false\"  \/>\n                        <\/div><\/div><div id=\"field_233_3\" class=\"gfield gfield--type-phone gfield--input-type-phone gfield_contains_required field_sublabel_below gfield--no-description field_description_below hidden_label field_validation_below gfield_visibility_visible\"  ><label class='gfield_label gform-field-label' for='input_233_3'>Telefone<span class=\"gfield_required\"><span class=\"gfield_required gfield_required_asterisk\">*<\/span><\/span><\/label><div class='ginput_container ginput_container_phone'><input name='input_3' id='input_233_3' type='tel' value='' class='large'  placeholder='Telefone' aria-required=\"true\" aria-invalid=\"false\"   \/><\/div><\/div><div id=\"field_233_6\" class=\"gfield gfield--type-select gfield--input-type-select gfield_contains_required field_sublabel_below gfield--no-description field_description_below field_validation_below gfield_visibility_visible\"  ><label class='gfield_label gform-field-label' for='input_233_6'>Quais s\u00e3o os teus interesses?<span class=\"gfield_required\"><span class=\"gfield_required gfield_required_asterisk\">*<\/span><\/span><\/label><div class='ginput_container ginput_container_select'><select name='input_6' id='input_233_6' class='large gfield_select'    aria-required=\"true\" aria-invalid=\"false\" ><option value='' ><\/option><option value='Recebi uma carta das Finan\u00e7as e quero apresentar recurso dentro do prazo' >Recebi uma carta das Finan\u00e7as e quero apresentar recurso dentro do prazo<\/option><option value='Sou consultor(a) fiscal e quero ajudar o meu cliente' >Sou consultor(a) fiscal e quero ajudar o meu cliente<\/option><option value='Sou empres\u00e1rio(a) e procuro um advogado que me ajude a poupar impostos' >Sou empres\u00e1rio(a) e procuro um advogado que me ajude a poupar impostos<\/option><option value='Sou advogado(a) e n\u00e3o sou especialista em Direito Fiscal' >Sou advogado(a) e n\u00e3o sou especialista em Direito Fiscal<\/option><option value='Sou curioso(a) e quero aprender' >Sou curioso(a) e quero aprender<\/option><\/select><\/div><\/div><fieldset id=\"field_233_4\" class=\"gfield gfield--type-consent gfield--type-choice gfield--input-type-consent gfield_contains_required field_sublabel_below gfield--no-description field_description_below hidden_label field_validation_below gfield_visibility_visible\"  ><legend class='gfield_label gform-field-label gfield_label_before_complex' >Consentimiento<span class=\"gfield_required\"><span class=\"gfield_required gfield_required_asterisk\">*<\/span><\/span><\/legend><div class='ginput_container ginput_container_consent'><input name='input_4.1' id='input_233_4_1' type='checkbox' value='1'   aria-required=\"true\" aria-invalid=\"false\"   \/> <label class=\"gform-field-label gform-field-label--type-inline gfield_consent_label\" for='input_233_4_1' >Estoy de acuerdo con la <a href=\"https:\/\/saez.law\/aviso-legal\/\">pol\u00edtica de privacidad<\/a>.<span class=\"gfield_required gfield_required_asterisk\">*<\/span><\/label><input type='hidden' name='input_4.2' value='Estoy de acuerdo con la &lt;a href=&quot;https:\/\/saez.law\/aviso-legal\/&quot;&gt;pol\u00edtica de privacidad&lt;\/a&gt;.' class='gform_hidden' \/><input type='hidden' name='input_4.3' value='205' class='gform_hidden' \/><\/div><\/fieldset><\/div><\/div>\n        <div class='gform-footer gform_footer top_label'> <input type='submit' id='gform_submit_button_233' class='gform_button button' onclick='gform.submission.handleButtonClick(this);' data-submission-type='submit' value='FACER O DOWNLOAD'  \/> \n            <input type='hidden' class='gform_hidden' name='gform_submission_method' data-js='gform_submission_method_233' value='postback' \/>\n            <input type='hidden' class='gform_hidden' name='gform_theme' data-js='gform_theme_233' id='gform_theme_233' value='gravity-theme' \/>\n            <input type='hidden' class='gform_hidden' name='gform_style_settings' data-js='gform_style_settings_233' id='gform_style_settings_233' value='{&quot;inputPrimaryColor&quot;:&quot;#204ce5&quot;}' \/>\n            <input type='hidden' class='gform_hidden' name='is_submit_233' value='1' \/>\n            <input type='hidden' class='gform_hidden' name='gform_submit' value='233' \/>\n            \n            <input type='hidden' class='gform_hidden' name='gform_currency' data-currency='EUR' value='hz9MvZcE9bv+v2PU2qmTQadeE1DHFsp1KIvTIGRx0K1jeHHwjlmESuRf+adxCjh+3C+4hFABZW4rOcFOxf9vyRAKtakFlX9+dJSMp0K1A8lwrS4=' \/>\n            <input type='hidden' class='gform_hidden' name='gform_unique_id' value='' \/>\n            <input type='hidden' class='gform_hidden' name='state_233' value='WyJ7XCI0LjFcIjpcIjdjMjhhNjNiNjFhM2RiNjQxYzc0ZDU1ZjYzMDY3ZDQ3XCIsXCI0LjJcIjpcIjgyMjc3Y2E1NDU5NjZhYWEwMWEzNTc5ZDkzZjQyYTE3XCIsXCI0LjNcIjpcImZlNmY2MzI5NDdkYzM0NzllZGU3MTU4NGZhOGE0NjdjXCJ9IiwiMmY5M2ZjZTAyOGM3MWY0ZGM5ZTVmODQ4YTg5MWFjMzkiXQ==' \/>\n            <input type='hidden' autocomplete='off' class='gform_hidden' name='gform_target_page_number_233' id='gform_target_page_number_233' value='0' \/>\n            <input type='hidden' autocomplete='off' class='gform_hidden' name='gform_source_page_number_233' id='gform_source_page_number_233' value='1' \/>\n            <input type='hidden' name='gform_field_values' value='' \/>\n            \n        <\/div>\n                        <\/form>\n                        <\/div><script>\ngform.initializeOnLoaded( function() {gformInitSpinner( 233, 'https:\/\/mlgw227z1iku.i.optimole.com\/cb:LM5n.53bfa\/w:auto\/h:auto\/q:mauto\/f:best\/ig:avif\/https:\/\/saez.law\/wp-content\/plugins\/gravityforms\/images\/spinner.svg', true );jQuery('#gform_ajax_frame_233').on('load',function(){var contents = jQuery(this).contents().find('*').html();var is_postback = contents.indexOf('GF_AJAX_POSTBACK') >= 0;if(!is_postback){return;}var form_content = jQuery(this).contents().find('#gform_wrapper_233');var is_confirmation = jQuery(this).contents().find('#gform_confirmation_wrapper_233').length > 0;var is_redirect = contents.indexOf('gformRedirect(){') >= 0;var is_form = form_content.length > 0 && ! is_redirect && ! is_confirmation;var mt = parseInt(jQuery('html').css('margin-top'), 10) + parseInt(jQuery('body').css('margin-top'), 10) + 100;if(is_form){jQuery('#gform_wrapper_233').html(form_content.html());if(form_content.hasClass('gform_validation_error')){jQuery('#gform_wrapper_233').addClass('gform_validation_error');} else {jQuery('#gform_wrapper_233').removeClass('gform_validation_error');}setTimeout( function() { \/* delay the scroll by 50 milliseconds to fix a bug in chrome *\/ jQuery(document).scrollTop(jQuery('#gform_wrapper_233').offset().top - mt); }, 50 );if(window['gformInitDatepicker']) {gformInitDatepicker();}if(window['gformInitPriceFields']) {gformInitPriceFields();}var current_page = jQuery('#gform_source_page_number_233').val();gformInitSpinner( 233, 'https:\/\/mlgw227z1iku.i.optimole.com\/cb:LM5n.53bfa\/w:auto\/h:auto\/q:mauto\/f:best\/ig:avif\/https:\/\/saez.law\/wp-content\/plugins\/gravityforms\/images\/spinner.svg', true );jQuery(document).trigger('gform_page_loaded', [233, current_page]);window['gf_submitting_233'] = false;}else if(!is_redirect){var confirmation_content = jQuery(this).contents().find('.GF_AJAX_POSTBACK').html();if(!confirmation_content){confirmation_content = contents;}jQuery('#gform_wrapper_233').replaceWith(confirmation_content);jQuery(document).scrollTop(jQuery('#gf_233').offset().top - mt);jQuery(document).trigger('gform_confirmation_loaded', [233]);window['gf_submitting_233'] = false;wp.a11y.speak(jQuery('#gform_confirmation_message_233').text());}else{jQuery('#gform_233').append(contents);if(window['gformRedirect']) {gformRedirect();}}jQuery(document).trigger(\"gform_pre_post_render\", [{ formId: \"233\", currentPage: \"current_page\", abort: function() { this.preventDefault(); } }]);        if (event && event.defaultPrevented) {                return;        }        const gformWrapperDiv = document.getElementById( \"gform_wrapper_233\" );        if ( gformWrapperDiv ) {            const visibilitySpan = document.createElement( \"span\" );            visibilitySpan.id = \"gform_visibility_test_233\";            gformWrapperDiv.insertAdjacentElement( \"afterend\", visibilitySpan );        }        const visibilityTestDiv = document.getElementById( \"gform_visibility_test_233\" );        let postRenderFired = false;        function triggerPostRender() {            if ( postRenderFired ) {                return;            }            postRenderFired = true;            gform.core.triggerPostRenderEvents( 233, current_page );            if ( visibilityTestDiv ) {                visibilityTestDiv.parentNode.removeChild( visibilityTestDiv );            }        }        function debounce( func, wait, immediate ) {            var timeout;            return function() {                var context = this, args = arguments;                var later = function() {                    timeout = null;                    if ( !immediate ) func.apply( context, args );                };                var callNow = immediate && !timeout;                clearTimeout( timeout );                timeout = setTimeout( later, wait );                if ( callNow ) func.apply( context, args );            };        }        const debouncedTriggerPostRender = debounce( function() {            triggerPostRender();        }, 200 );        if ( visibilityTestDiv && visibilityTestDiv.offsetParent === null ) {            const observer = new MutationObserver( ( mutations ) => {                mutations.forEach( ( mutation ) => {                    if ( mutation.type === 'attributes' && visibilityTestDiv.offsetParent !== null ) {                        debouncedTriggerPostRender();                        observer.disconnect();                    }                });            });            observer.observe( document.body, {                attributes: true,                childList: false,                subtree: true,                attributeFilter: [ 'style', 'class' ],            });        } else {            triggerPostRender();        }    } );} );\n<\/script>\n\n\n\n<p><strong><mark style=\"background-color:#e9e0d1\" class=\"has-inline-color\"><br> Porqu\u00ea preencher o formul\u00e1rio<\/mark><\/strong> para descarregar o nosso \u201cGuia sobre a Prescri\u00e7\u00e3o de D\u00edvidas com a Autoridade Tribut\u00e1ria\u201d?<\/p>\n\n\n\n<ul class=\"wp-block-list\">\n<li>Porque <strong>queremos ajud\u00e1-lo<\/strong> e <mark style=\"background-color:#e9e0d1\" class=\"has-inline-color\">libert\u00e1-lo das d\u00edvidas com a Autoridade Tribut\u00e1ria<\/mark>.<\/li>\n\n\n\n<li>Porque <strong>apenas voc\u00ea<\/strong> nos pode facultar os seus dados de contacto.<\/li>\n\n\n\n<li>Porque <strong>tratamos<\/strong> o seu nome, telefone e e-mail <strong>com cuidado e respeito<\/strong>.<\/li>\n\n\n\n<li>Porque <strong>desta forma podemos<\/strong> <strong>ajud\u00e1-lo<\/strong> <mark style=\"background-color:#e9e0d1\" class=\"has-inline-color\">a conseguir a prescri\u00e7\u00e3o das suas d\u00edvidas<\/mark>.<\/li>\n<\/ul>\n\n\n\n<div style=\"height:200px\" aria-hidden=\"true\" class=\"wp-block-spacer\"><\/div>\n\n\n\n<h2 class=\"wp-block-heading has-text-align-center has-3-xl-font-size\" style=\"text-transform:uppercase\"><span class=\"ez-toc-section\" id=\"Video_Guide_para_entender_que_ano_fiscal_prescribe_em_2024\"><\/span><mark style=\"background-color:#e9e0d1\" class=\"has-inline-color\">Video Guide<\/mark> para entender <strong>qu\u00e9 a\u00f1o fiscal prescribe<\/strong> em 2024.<span class=\"ez-toc-section-end\"><\/span><\/h2>\n\n\n\n<p>Aqui partilhamos um <strong><mark style=\"background-color:#e9e0d1\" class=\"has-inline-color\">video guide<\/mark><\/strong> que explica como funciona a prescri\u00e7\u00e3o dos impostos.<\/p>\n\n\n\n<figure class=\"wp-block-embed is-type-video is-provider-vimeo wp-block-embed-vimeo wp-embed-aspect-16-9 wp-has-aspect-ratio\"><div class=\"wp-block-embed__wrapper\">\n<iframe title=\"Compreender os prazos de prescri\u00e7\u00e3o fiscal em Espanha\" src=\"https:\/\/player.vimeo.com\/video\/1087711965?dnt=1&amp;app_id=122963\" width=\"768\" height=\"432\" frameborder=\"0\" allow=\"autoplay; fullscreen; picture-in-picture; clipboard-write; encrypted-media\"><\/iframe>\n<\/div><\/figure>\n\n\n\n<div style=\"height:25px\" aria-hidden=\"true\" class=\"wp-block-spacer\"><\/div>\n\n\n\n<div class=\"wp-block-buttons is-content-justification-center is-layout-flex wp-container-core-buttons-is-layout-16018d1d wp-block-buttons-is-layout-flex\">\n<div class=\"wp-block-button\"><a class=\"wp-block-button__link has-base-background-color has-background wp-element-button\" href=\"#contacta\">DOWNLOAD A NOSSA GUIA SOBRE A PRESCRI\u00c7\u00c3O DE D\u00cdVIDAS FISCAIS \u00bb <\/a><\/div>\n<\/div>\n\n\n\n<div style=\"height:200px\" aria-hidden=\"true\" class=\"wp-block-spacer\"><\/div>\n","protected":false},"excerpt":{"rendered":"<p>Existem muitas situa\u00e7\u00f5es em que poder\u00e1 perguntar-se \u00abqu\u00e9 a\u00f1o fiscal prescribe\u00bb (que ano fiscal prescreve). Em geral, \u00abel a\u00f1o fiscal que prescribe\u00bb em 2024 pode ser 2019 ou 2020, consoante o prazo de entrega da declara\u00e7\u00e3o e desde que n\u00e3o haja interrup\u00e7\u00e3o da \u00abprescripci\u00f3n\u00bb, o que reiniciaria o per\u00edodo de quatro anos e faria tudo&hellip;<\/p>\n<p class=\"more\"><a class=\"more-link\" href=\"https:\/\/saez.law\/pt-pt\/blog-pt\/compreender-os-prazos-de-prescricao-fiscal-em-espanha\/\">Continue reading <span class=\"screen-reader-text\">Compreender os prazos de prescri\u00e7\u00e3o fiscal em Espanha<\/span><\/a><\/p>\n","protected":false},"author":1,"featured_media":89316,"comment_status":"open","ping_status":"closed","sticky":false,"template":"","format":"standard","meta":{"footnotes":""},"categories":[190],"tags":[],"class_list":["post-89280","post","type-post","status-publish","format-standard","has-post-thumbnail","hentry","category-blog-pt","entry"],"_links":{"self":[{"href":"https:\/\/saez.law\/pt-pt\/wp-json\/wp\/v2\/posts\/89280","targetHints":{"allow":["GET"]}}],"collection":[{"href":"https:\/\/saez.law\/pt-pt\/wp-json\/wp\/v2\/posts"}],"about":[{"href":"https:\/\/saez.law\/pt-pt\/wp-json\/wp\/v2\/types\/post"}],"author":[{"embeddable":true,"href":"https:\/\/saez.law\/pt-pt\/wp-json\/wp\/v2\/users\/1"}],"replies":[{"embeddable":true,"href":"https:\/\/saez.law\/pt-pt\/wp-json\/wp\/v2\/comments?post=89280"}],"version-history":[{"count":5,"href":"https:\/\/saez.law\/pt-pt\/wp-json\/wp\/v2\/posts\/89280\/revisions"}],"predecessor-version":[{"id":89706,"href":"https:\/\/saez.law\/pt-pt\/wp-json\/wp\/v2\/posts\/89280\/revisions\/89706"}],"wp:featuredmedia":[{"embeddable":true,"href":"https:\/\/saez.law\/pt-pt\/wp-json\/wp\/v2\/media\/89316"}],"wp:attachment":[{"href":"https:\/\/saez.law\/pt-pt\/wp-json\/wp\/v2\/media?parent=89280"}],"wp:term":[{"taxonomy":"category","embeddable":true,"href":"https:\/\/saez.law\/pt-pt\/wp-json\/wp\/v2\/categories?post=89280"},{"taxonomy":"post_tag","embeddable":true,"href":"https:\/\/saez.law\/pt-pt\/wp-json\/wp\/v2\/tags?post=89280"}],"curies":[{"name":"wp","href":"https:\/\/api.w.org\/{rel}","templated":true}]}}